{"id":15502,"date":"2025-09-10T10:00:30","date_gmt":"2025-09-10T08:00:30","guid":{"rendered":"https:\/\/www.voluntariness.org\/?p=15502"},"modified":"2025-10-27T11:10:08","modified_gmt":"2025-10-27T10:10:08","slug":"filmreihe-solidaritaet-und-bevormundung-die-ddr-und-der-globale-sueden","status":"publish","type":"post","link":"https:\/\/www.voluntariness.org\/de\/filmreihe-solidaritaet-und-bevormundung-die-ddr-und-der-globale-sueden\/","title":{"rendered":"Filmreihe \u201eSolidarit\u00e4t und Bevormundung \u2013 Die DDR und der Globale S\u00fcden\u201c"},"content":{"rendered":"\n<div class=\"wp-block-columns is-layout-flex wp-container-core-columns-is-layout-9d6595d7 wp-block-columns-is-layout-flex\">\n<div class=\"wp-block-column is-layout-flow wp-block-column-is-layout-flow\" style=\"flex-basis:33.33%\">\n<p><strong><strong>F\u00fcr das Wintersemester 2025\/26 organisiert <\/strong><a href=\"https:\/\/www.voluntariness.org\/de\/project\/carsta-langner\/\"><strong>Carsta Langner<\/strong><\/a><strong>, Leiterin unseres Teilprojekts <\/strong><a href=\"https:\/\/www.voluntariness.org\/de\/project\/freiwilligkeit-und-solidaritaet\/\"><strong>\u201eFreiwilligkeit und Solidarit\u00e4t in der DDR und dem postsozialistischen Umbruch (1970-2000)\u201c<\/strong><\/a><strong>, ein Seminar mit \u00f6ffentlicher Filmreihe unter dem Titel \u201eSolidarit\u00e4t und Bevormundung \u2013 Die DDR und der Globale S\u00fcden\u201c. Alle Filmvorf\u00fchrungen bieten im Anschluss Raum f\u00fcr Diskussionen mit eigens eingeladenen G\u00e4sten und finden in Kooperation mit der <\/strong><a href=\"https:\/\/stiftung-ettersberg.de\/gedenkstaette-andreasstrasse\/ihr-besuch\/\"><strong>Gedenk- und Bildungsst\u00e4tte Andreasstra\u00dfe<\/strong><\/a><strong> in Erfurt.<\/strong><\/strong><\/p>\n\n\n\n<p>Die Filmreihe ist Teil eines Seminars, in der wir uns der Frage widmen, in welchem Verh\u00e4ltnis die DDR zum sogenannten Globalen S\u00fcden stand. Die Reihe stellt vier Filme vor, die Einblicke geben, wie die Staaten und Gesellschaften des Globalen S\u00fcdens in der DDR repr\u00e4sentiert wurden. Die Filme erz\u00e4hlen vom Leben Ostdeutscher in Simbawe innerhalb einer Freundschaftsbrigade, von den Herausforderungen gefl\u00fcchteter Chilen:innen in der DDR und den Aufrufen an Solidarit\u00e4t mit den Migrant:innen in der DDR. Sie zeigen, mit welchen propagandistischen Anrufungen und Appellen in der DDR versucht wurde, die ostdeutsche Gesellschaft zu sogenannter V\u00f6lkerfreundschaft aufzurufen. In gemeinsamen Filmgespr\u00e4chen wollen wir diskutieren, welche Erfahrungen Menschen in der DDR mit diesen Filmen gemacht haben. Welche mentalen Spuren haben sie hinterlassen? Ein besonderer Fokus wird dabei auf das Verh\u00e4ltnis zu Chile gelegt.<\/p>\n\n\n\n<p><strong>An vier Terminen werden f\u00fcr eine interessierte \u00d6ffentlichkeit folgende Filme gezeigt. Bei weiteren Fragen zum Programm kontaktieren Sie uns gerne per <a href=\"mailto:fg.freiwilligkeit@uni-erfurt.de\">Email<\/a>.<\/strong><\/p>\n<\/div>\n\n\n\n<div class=\"wp-block-column is-vertically-aligned-top has-content-bg-alt-background-color has-background is-layout-flow wp-block-column-is-layout-flow\" style=\"flex-basis:66.66%\"><div class=\"wp-block-image\">\n<figure class=\"aligncenter size-large is-resized\"><img loading=\"lazy\" decoding=\"async\" width=\"577\" height=\"800\" src=\"https:\/\/www.voluntariness.org\/wp-content\/uploads\/sites\/2\/2025\/10\/filmreihe-postkarte-front-577x800.jpg\" alt=\"\" class=\"wp-image-15720\" style=\"width:402px;height:auto\" srcset=\"https:\/\/www.voluntariness.org\/wp-content\/uploads\/sites\/2\/2025\/10\/filmreihe-postkarte-front-577x800.jpg 577w, https:\/\/www.voluntariness.org\/wp-content\/uploads\/sites\/2\/2025\/10\/filmreihe-postkarte-front-180x250.jpg 180w, https:\/\/www.voluntariness.org\/wp-content\/uploads\/sites\/2\/2025\/10\/filmreihe-postkarte-front-772x1070.jpg 772w, https:\/\/www.voluntariness.org\/wp-content\/uploads\/sites\/2\/2025\/10\/filmreihe-postkarte-front-216x300.jpg 216w, https:\/\/www.voluntariness.org\/wp-content\/uploads\/sites\/2\/2025\/10\/filmreihe-postkarte-front.jpg 1312w\" sizes=\"auto, (max-width: 577px) 100vw, 577px\" \/><figcaption class=\"wp-element-caption\">\u00a9 Illustration <a href=\"https:\/\/stiftung-ettersberg.de\/gedenkstaette-andreasstrasse\/ihr-besuch\/\">Gedenk- und Bildungsst\u00e4tte Andreasstra\u00dfe<\/a><\/figcaption><\/figure>\n<\/div><\/div>\n<\/div>\n\n<p><strong>Filmvorf\u00fchrung 1: Dienstag, <\/strong><a href=\"https:\/\/www.uni-erfurt.de\/universitaet\/aktuelles\/veranstaltungskalender\/eventdetail\/jenseits-von-klein-wanzleben-andreas-dresen-ddr-1989\"><strong>4. November 2025, \u201eJenseits von Klein-Wanzleben\u201c<\/strong><\/a><strong> (Andreas Dresen, DDR 1989), Beginn 18:00 Uhr, <\/strong><a href=\"https:\/\/stiftung-ettersberg.de\/gedenkstaette-andreasstrasse\/ihr-besuch\/\">Gedenk- und Bildungsst\u00e4tte Andreasstra\u00dfe<\/a> \u2013 Die Dokumentation begleitet eine Sozialistische Brigade in Simbabwe. Damit erhalten die Zuschauer:innen einen zeitgen\u00f6ssischen Einblick die sogenannte Entwicklungshilfe der DDR. Gespr\u00e4chspartner f\u00fcr ein anschlie\u00dfendes Filmgespr\u00e4ch ist Tobias Ay.<\/p>\n\n<p><strong>Filmvorf\u00fchrung 2: Donnerstag, <\/strong><a href=\"https:\/\/www.uni-erfurt.de\/universitaet\/aktuelles\/veranstaltungskalender\/eventdetail\/isabel-auf-der-treppe-hannelore-unterberg-ddr-1984\"><strong>11. Dezember 2025, \u201eIsabel auf der Treppe\u201c<\/strong><\/a><strong> (Hannelore Unterberg, DDR 1984), Beginn 18:00 Uhr, <\/strong><a href=\"https:\/\/stiftung-ettersberg.de\/gedenkstaette-andreasstrasse\/ihr-besuch\/\">Gedenk- und Bildungsst\u00e4tte Andreasstra\u00dfe<\/a> \u2013 Der Film wird in das Genre Kinderfilm eingeordnet, geht dar\u00fcber aber weit hinaus. Er thematisiert das Schicksal einer gefl\u00fcchteten Chilenin und ihrer Tochter in der ostdeutschen Gesellschaft der 1980er Jahre. Der DEFA-Film ist ein Appell an Solidarit\u00e4t und eine Kritik an fehlender Empathie im Alltag. In einem anschlie\u00dfenden Gespr\u00e4ch wollen wir diskutieren, welche mentalen Spuren Filme wie \u201eIsabel auf der Treppe\u201c bei den ostdeutschen Zuschauenden hinterlassen haben. Gespr\u00e4chspartner f\u00fcr ein anschlie\u00dfendes Filmgespr\u00e4ch ist der in Leipzig lebende Jos\u00e9 P\u00e9rez.<\/p>\n\n<p><strong>Filmvorf\u00fchrung 3: Sonntag (!), <\/strong><a href=\"https:\/\/www.uni-erfurt.de\/universitaet\/aktuelles\/veranstaltungskalender\/eventdetail\/blonder-tango-lothar-warneke-ddr-1985\"><strong>1. Februar 2026,<\/strong> <strong>\u201eBlonder Tango\u201c<\/strong><\/a><strong> (Lothar Warneke, DDR 1985), Beginn 11:00 Uhr (!), <\/strong><a href=\"https:\/\/www.kinoklub-erfurt.de\/infos#c51\"><strong>Kinoklub Erfurt<\/strong><\/a> \u2013 Der preisgekr\u00f6nte Spielfilm erreichte in der DDR eine hohe Zahl an Zuschauer:innen. Er thematisiert die Flucht eines Chilenen in die DDR nach dem Putsch in Chile 1973. Der Film zeigt, welche Herausforderungen das Leben im Exil bot und an welche Grenzen der Appell an die sogenannte V\u00f6lkerfreundschaft innerhalb des Staatssozialismus in Ostdeutschland geriet. Als Gespr\u00e4chspartner wird der Hauptdarsteller Alejandro Quintana anwesend sein.<\/p>\n\n<p><strong>Filmvorf\u00fchrung 4, <a href=\"https:\/\/www.uni-erfurt.de\/en\/universitaet\/aktuelles\/veranstaltungskalender\/eventdetail\/blonder-tango-lothar-warneke-ddr-1985-1\" target=\"_blank\" rel=\"noopener\">3. Februar 2026, \u201eExil\u201c (Jutta Soto, Staatliches Filmarchiv, DDR 1985)<\/a>, Beginn 18:00 Uhr, <\/strong><a href=\"https:\/\/stiftung-ettersberg.de\/gedenkstaette-andreasstrasse\/ihr-besuch\/\">Gedenk- und Bildungsst\u00e4tte Andreasstra\u00dfe<\/a> \u2013 Mit der Dokumentation \u201eExil\u201c greifen wir ein besonderes St\u00fcck Archivgeschichte auf. Ab 1971 war innerhalb der DEFA die Arbeitsgruppe Staatliche Filmdokumentation aktiv. Sie drehte \u00fcber 300 Dokumentarfilme, in denen die ostdeutsche Gesellschaft unzensiert dokumentiert wurde. Diese Filme waren zeitgen\u00f6ssisch nicht dazu gedacht, gezeigt zu werden. Sie waren als Filmarchiv f\u00fcr kommende Generationen gedacht. F\u00fcr die Dokumentation \u201eExil\u201c wurden Menschen interviewt, die nach dem Putsch in Chile in die DDR geflohen waren. Sie erz\u00e4hlen \u00fcber die paternalistische Politik der SED und ihren pers\u00f6nlichen Gef\u00fchlen von Einsamkeit und Depressionen in der Emigration. Als Gespr\u00e4chspartnerin wird an diesem Abend die Film- und Kulturwissenschaftlerin Dr. Anne Barnert anwesend sein, die ausf\u00fchrlich zur Geschichte der Staatlichen Filmdokumentation der DEFA geforscht hat.<\/p>\n","protected":false},"excerpt":{"rendered":"<p>Im Wintersemester 2025\/26 pr\u00e4sentieren wir eine Filmreihe mit dem Titel &#8220;Solidarit\u00e4t und Bevormundung &#8211; Die DDR und der Globale S\u00fcden&#8221; und laden herzlich dazu ein, an vier einzelnen Filmvorf\u00fchrungen mit anschlie\u00dfender Diskussion in Erfurt teilzunehmen! In diesem Beitrag geht&#8217;s zum ausf\u00fchrlichen Programm.<\/p>\n","protected":false},"author":4,"featured_media":15514,"comment_status":"open","ping_status":"open","sticky":false,"template":"","format":"standard","meta":{"footnotes":""},"categories":[179],"tags":[243,182,166,432,91],"class_list":["post-15502","post","type-post","status-publish","format-standard","has-post-thumbnail","hentry","category-news-de","tag-gasete","tag-news-de","tag-postcoloniality-de","tag-solidaritat","tag-voluntariness-de"],"_links":{"self":[{"href":"https:\/\/www.voluntariness.org\/de\/wp-json\/wp\/v2\/posts\/15502","targetHints":{"allow":["GET"]}}],"collection":[{"href":"https:\/\/www.voluntariness.org\/de\/wp-json\/wp\/v2\/posts"}],"about":[{"href":"https:\/\/www.voluntariness.org\/de\/wp-json\/wp\/v2\/types\/post"}],"author":[{"embeddable":true,"href":"https:\/\/www.voluntariness.org\/de\/wp-json\/wp\/v2\/users\/4"}],"replies":[{"embeddable":true,"href":"https:\/\/www.voluntariness.org\/de\/wp-json\/wp\/v2\/comments?post=15502"}],"version-history":[{"count":17,"href":"https:\/\/www.voluntariness.org\/de\/wp-json\/wp\/v2\/posts\/15502\/revisions"}],"predecessor-version":[{"id":15733,"href":"https:\/\/www.voluntariness.org\/de\/wp-json\/wp\/v2\/posts\/15502\/revisions\/15733"}],"wp:featuredmedia":[{"embeddable":true,"href":"https:\/\/www.voluntariness.org\/de\/wp-json\/wp\/v2\/media\/15514"}],"wp:attachment":[{"href":"https:\/\/www.voluntariness.org\/de\/wp-json\/wp\/v2\/media?parent=15502"}],"wp:term":[{"taxonomy":"category","embeddable":true,"href":"https:\/\/www.voluntariness.org\/de\/wp-json\/wp\/v2\/categories?post=15502"},{"taxonomy":"post_tag","embeddable":true,"href":"https:\/\/www.voluntariness.org\/de\/wp-json\/wp\/v2\/tags?post=15502"}],"curies":[{"name":"wp","href":"https:\/\/api.w.org\/{rel}","templated":true}]}}