{"id":13427,"date":"2023-07-05T15:09:51","date_gmt":"2023-07-05T13:09:51","guid":{"rendered":"https:\/\/www.voluntariness.org\/?p=13427"},"modified":"2023-07-05T16:05:42","modified_gmt":"2023-07-05T14:05:42","slug":"workshop-reflect-yourself","status":"publish","type":"post","link":"https:\/\/www.voluntariness.org\/de\/workshop-reflect-yourself\/","title":{"rendered":"Workshop &#8211; Reflect Yourself!?"},"content":{"rendered":"\n<div class=\"wp-block-columns are-vertically-aligned-top is-layout-flex wp-container-core-columns-is-layout-9d6595d7 wp-block-columns-is-layout-flex\">\n<div class=\"wp-block-column is-vertically-aligned-top is-layout-flow wp-block-column-is-layout-flow\">\n<p><strong>Am 13. und 14. Juli 2023 findet der Workshop \u201e<a href=\"https:\/\/www.uni-erfurt.de\/philosophische-fakultaet\/seminare-professuren\/historisches-seminar\/news-detail\/workshop-reflect-yourself-potenziale-und-grenzen-einer-kritisch-reflexiven-public-history\" target=\"_blank\" rel=\"noopener\">Reflect yourself!? Potentiale und Grenzen einer kritisch-reflexiven Public History\u201c<\/a> an der U Erfurt statt. Sowohl etablierte Wissenschaftler*innen, Nachwuchsforschende als auch Studierende kommen zusammen, um \u00fcber das Thema Selbstreflexion im t\u00e4glichen Arbeiten und ihrer historischen Forschung zu diskutieren. Ausgangspunkt daf\u00fcr ist das Forschungsfeld der Public History und sein Reflexionspotential f\u00fcr die Geschichtswissenschaft. Teil des Organisationsteams ist unsere wissenschaftliche Assistentin <a href=\"https:\/\/www.voluntariness.org\/de\/project\/meike-katzek\/\">Meike Katzek<\/a>.<\/strong><\/p>\n\n\n\n<p>Sowohl Forscher*innen als auch Praktiker*innen sind dazu eingeladen, Ideen, \u00dcberlegungen und Erfahrungen aus ihren Arbeitskontexten heraus zu teilen und zur Diskussion zu stellen. Wo und wie verf\u00e4ngt sich der Begriff der (Selbst-)Reflexion im t\u00e4glichen Forschen und Arbeiten, und was folgt aus der Reflexion? Tritt eine Reflexion des eigenen Standpunktes eher als kontingentes Moment auf oder ist sie strukturell verankert? Wie \u00e4u\u00dfert sich eine internalisierte kritische Haltung? Ist sie ein stiller Begleiter oder wird sie st\u00e4ndig diskutiert und in Frage gestellt? Oder erscheint sie zuweilen sogar hinderlich f\u00fcr den Arbeitsprozess? Dies sind Fragen, die auch Nachwuchswissenschaftler*innen der Forschungsgruppe in ihrer Arbeit herausfordern und deren Perspektive auf Freiwilligkeit als gro\u00dfes Thema der Gegenwart in die Diskussion beim Workshop einflie\u00dfen wird.<\/p>\n\n\n\n<p>Die thematische Bandbreite reicht von der Frage <em>Wer spricht?<\/em>, \u00fcber ambivalente Solidarit\u00e4ten, \u00dcberlegungen zu einer (selbst-)reflexiven Hermeneutik, Positionalit\u00e4t und partizipative Praktiken im Museum, Motion Comics als Erinnerungsarbeit bis hin zu ungleichheitssoziologischen Perspektiven auf Public History sowie Citizen Science als reflexive Praxis. Erg\u00e4nzt wird das <a href=\"https:\/\/www.voluntariness.org\/wp-content\/uploads\/sites\/2\/2023\/07\/reflect-yourself-poster-programm.pdf\">Programm<\/a> durch eine spezielle F\u00fchrung in der <a href=\"https:\/\/www.voluntariness.org\/wp-content\/uploads\/sites\/2\/2023\/07\/reflect-yourself-poster-programm.pdf\" target=\"_blank\" rel=\"noopener\">Gedenk- und Bildungsst\u00e4tte Andreasstra\u00dfe<\/a> sowie durch die <a href=\"https:\/\/www.voluntariness.org\/wp-content\/uploads\/sites\/2\/2023\/07\/reflect-yourself-poster-keynote.pdf\">Keynote \u201eHinter den Spiegeln: 15 Jahre universit\u00e4re Public History in Deutschland\u201c<\/a> von <a href=\"https:\/\/histsem2.phil-fak.uni-koeln.de\/personal\/universitaetsprofessorinnen-und-universitaetsprofessoren\/gundermann-prof-dr-christine\" target=\"_blank\" rel=\"noopener\">Christine Gundermann<\/a> (Professur f. Public History, Universit\u00e4t zu K\u00f6ln) im Coelicum in Erfurt (Domstra\u00dfe 10, 99084 Erfurt).<\/p>\n<\/div>\n\n\n\n<div class=\"wp-block-column is-vertically-aligned-top is-layout-flow wp-block-column-is-layout-flow\"><div class=\"wp-block-image\">\n<figure class=\"aligncenter size-large\"><a ref=\"magnificPopup\" href=\"https:\/\/www.voluntariness.org\/wp-content\/uploads\/sites\/2\/2023\/07\/reflect-yourself-poster-keynote-scaled.jpg\"><img loading=\"lazy\" decoding=\"async\" width=\"566\" height=\"800\" src=\"https:\/\/www.voluntariness.org\/wp-content\/uploads\/sites\/2\/2023\/07\/reflect-yourself-poster-keynote-566x800.jpg\" alt=\"\" class=\"wp-image-13440\" srcset=\"https:\/\/www.voluntariness.org\/wp-content\/uploads\/sites\/2\/2023\/07\/reflect-yourself-poster-keynote-566x800.jpg 566w, https:\/\/www.voluntariness.org\/wp-content\/uploads\/sites\/2\/2023\/07\/reflect-yourself-poster-keynote-177x250.jpg 177w, https:\/\/www.voluntariness.org\/wp-content\/uploads\/sites\/2\/2023\/07\/reflect-yourself-poster-keynote-757x1070.jpg 757w, https:\/\/www.voluntariness.org\/wp-content\/uploads\/sites\/2\/2023\/07\/reflect-yourself-poster-keynote-212x300.jpg 212w, https:\/\/www.voluntariness.org\/wp-content\/uploads\/sites\/2\/2023\/07\/reflect-yourself-poster-keynote-scaled.jpg 1812w\" sizes=\"auto, (max-width: 566px) 100vw, 566px\" \/><\/a><\/figure>\n<\/div><\/div>\n<\/div>\n\n\n\n<p>Im Namen der Organisatorinnen <a href=\"https:\/\/www.voluntariness.org\/de\/project\/meike-katzek\/\">Meike Katzek<\/a> und <a href=\"https:\/\/www.uni-erfurt.de\/philosophische-fakultaet\/seminare-professuren\/historisches-seminar\/professuren\/neuere-und-zeitgeschichte-und-geschichtsdidaktik\/profil-und-team\/wissenschaftliche-mitarbeiterinnen\/sophie-kuehnlenz-ma\" target=\"_blank\" rel=\"noopener\">Sophie K\u00fchnlenz<\/a> (beide Historisches Seminar der U Erfurt) laden wir ganz herzlich zum Workshop am 13. und 14. Juli 2023 im Internationalen Begegnungszentrum (<a href=\"https:\/\/www.uni-erfurt.de\/international\/aus-dem-ausland\/leben-und-wohnen\/ibz\" target=\"_blank\" rel=\"noopener\">IBZ<\/a>, Michaelisstra\u00dfe 38, 99084 Erfurt) der Universit\u00e4t Erfurt ein. Anmeldungen bis zum 9. Juli bitte an Sophie K\u00fchnlenz (sophie.kuehnlenz@uni-erfurt.de)<\/p>\n","protected":false},"excerpt":{"rendered":"<p>Am 13. und 14. Juli 2023 findet der Workshop \u201eReflect yourself!?\u201c an der U Erfurt statt. Sowohl etablierte Wissenschaftler*innen, Nachwuchsforschende als auch Studierende kommen zusammen, um \u00fcber das Thema Selbstreflexion im t\u00e4glichen Arbeiten und ihrer historischen Forschung zu diskutieren. Ausgangspunkt daf\u00fcr ist das Forschungsfeld der Public History und sein Reflexionspotential f\u00fcr die Geschichtswissenschaft.<\/p>\n","protected":false},"author":4,"featured_media":13441,"comment_status":"open","ping_status":"open","sticky":false,"template":"","format":"standard","meta":{"footnotes":""},"categories":[179,201],"tags":[319,320,182,208,180],"class_list":["post-13427","post","type-post","status-publish","format-standard","has-post-thumbnail","hentry","category-news-de","category-sidelines-de","tag-forschungspraxis","tag-nachwuchswissenschaftlerinnen","tag-news-de","tag-vortrag","tag-workshop-de"],"_links":{"self":[{"href":"https:\/\/www.voluntariness.org\/de\/wp-json\/wp\/v2\/posts\/13427","targetHints":{"allow":["GET"]}}],"collection":[{"href":"https:\/\/www.voluntariness.org\/de\/wp-json\/wp\/v2\/posts"}],"about":[{"href":"https:\/\/www.voluntariness.org\/de\/wp-json\/wp\/v2\/types\/post"}],"author":[{"embeddable":true,"href":"https:\/\/www.voluntariness.org\/de\/wp-json\/wp\/v2\/users\/4"}],"replies":[{"embeddable":true,"href":"https:\/\/www.voluntariness.org\/de\/wp-json\/wp\/v2\/comments?post=13427"}],"version-history":[{"count":5,"href":"https:\/\/www.voluntariness.org\/de\/wp-json\/wp\/v2\/posts\/13427\/revisions"}],"predecessor-version":[{"id":13456,"href":"https:\/\/www.voluntariness.org\/de\/wp-json\/wp\/v2\/posts\/13427\/revisions\/13456"}],"wp:featuredmedia":[{"embeddable":true,"href":"https:\/\/www.voluntariness.org\/de\/wp-json\/wp\/v2\/media\/13441"}],"wp:attachment":[{"href":"https:\/\/www.voluntariness.org\/de\/wp-json\/wp\/v2\/media?parent=13427"}],"wp:term":[{"taxonomy":"category","embeddable":true,"href":"https:\/\/www.voluntariness.org\/de\/wp-json\/wp\/v2\/categories?post=13427"},{"taxonomy":"post_tag","embeddable":true,"href":"https:\/\/www.voluntariness.org\/de\/wp-json\/wp\/v2\/tags?post=13427"}],"curies":[{"name":"wp","href":"https:\/\/api.w.org\/{rel}","templated":true}]}}